{"id":874,"date":"2022-02-11T08:47:23","date_gmt":"2022-02-11T08:47:23","guid":{"rendered":"https:\/\/360dbp.com\/?p=874"},"modified":"2024-11-20T14:47:13","modified_gmt":"2024-11-20T14:47:13","slug":"360-design-budapest-a-formatervezes-elvonalaban","status":"publish","type":"post","link":"https:\/\/360dbp.com\/en\/uncategorized\/360-design-budapest-a-formatervezes-elvonalaban\/","title":{"rendered":"360 Design Budapest a formatervez\u00e9s \u00e9lvonal\u00e1ban"},"content":{"rendered":"<p><strong>Hatalmas hazai \u00e9s nemzetk\u00f6zi \u00e9rdekl\u0151d\u00e9s \u00f6vezte a m\u00e1r k\u00e9tszer is megrendez\u00e9sre ker\u00fcl\u0151 360 Design Budapest ki\u00e1ll\u00edt\u00e1st, melyet online \u00e9s \u00e9l\u0151ben is lehet\u0151s\u00e9g\u00fck ny\u00edlt megtekinteni az \u00e9rdekl\u0151d\u0151knek. A design vil\u00e1g\u00e1val \u00e9pp csak ismerked\u0151ket \u00e9s a szakma elismert alakjait\u00a0 egyar\u00e1nt leny\u0171g\u00f6zt\u00e9k a ki\u00e1ll\u00edtott alkot\u00e1sok \u00e9s kreat\u00edv design megold\u00e1sok. A 360 Design Budapest esem\u00e9nysorozatot h\u00e1rom k\u00fcl\u00f6nb\u00f6z\u0151 nemzetk\u00f6zi versenyen \u00f6sszesen \u00f6t d\u00edjjal \u00e9s k\u00e9t kiemelt elismer\u00e9ssel jutalmazt\u00e1k.<\/strong><\/p>\n<p>A vil\u00e1g legismertebb nemzetk\u00f6zi design versenye, az <strong>A\u2019 Design Award &#038; Competition<\/strong> k\u00e9t bronz d\u00edjat \u00edt\u00e9lt oda a 360 Design Budapest ki\u00e1ll\u00edt\u00e1snak, amely Event &#038; Happening Design \u00e9s Interior Space &#038; Exhibition Design kateg\u00f3ri\u00e1ban nyerte el a b\u00edr\u00e1l\u00f3bizotts\u00e1g elismer\u00e9s\u00e9t. A nagy preszt\u00edzs\u0171 d\u00edjnak k\u00f6sz\u00f6nhet\u0151en haz\u00e1nk tehets\u00e9gei nemzetk\u00f6zi viszonylatban is kiemelt figyelmet kaptak. \u00a0A tr\u00f3fea, a tan\u00fas\u00edtv\u00e1ny \u00e9s az \u00e9vk\u00f6nyv mellett, a nyertesek munk\u00e1i helyet kaptak a \u201eWorld\u2019s Best Designs\u201d olasz ki\u00e1ll\u00edt\u00e1son is, valamit a 360 Design Budapest ki\u00e1ll\u00edt\u00e1st Magyarorsz\u00e1g egyik legjobb design projektjek\u00e9nt is kiemelt\u00e9k.<\/p>\n<p>A <strong>11. Global Eventex Awards<\/strong> versenyen Virtual Expo kateg\u00f3ri\u00e1ban arany, m\u00edg Art Event kateg\u00f3ri\u00e1ban bronz helyez\u00e9st \u00e9rt el a ki\u00e1ll\u00edt\u00e1s. A d\u00edjazottak a szakmai elismer\u00e9s mellett egy kommunik\u00e1ci\u00f3s t\u00e1mogat\u00f3 csomagban is r\u00e9szes\u00fcltek, amelynek elemei hozz\u00e1j\u00e1rultak a kiv\u00e1lasztott nyertes projektek sz\u00e9lesebb k\u00f6r\u0171 bemutat\u00e1s\u00e1hoz.<\/p>\n<p>A szakma egyik legrangosabb kit\u00fcntet\u00e9s\u00e9vel is gazdagodott a kort\u00e1rs \u00a0hazai \u00e9s region\u00e1lis tervez\u0151k innovat\u00edv alkot\u00e1sit felvonultat\u00f3 360 Design Budapest.<\/p>\n<p>A <strong>Red Dot<\/strong> d\u00edjat a 24 f\u0151s szakmai zs\u0171ri Brand &#038; Communication Design kateg\u00f3ri\u00e1ban \u00edt\u00e9lte oda a budapesti figit\u00e1lis rendezv\u00e9nynek, mely a verseny fenn\u00e1ll\u00e1sa \u00f3ta az els\u0151 magyar rendezv\u00e9ny, mely ebben a kateg\u00f3ri\u00e1ban megszerezte a \u201epiros pontot.\u201d<\/p>\n<p>Ezen fel\u00fcl a ki\u00e1ll\u00edt\u00e1s k\u00e9t tov\u00e1bbi versenyen is el\u0151kel\u0151 helyen v\u00e9gzett, ugyanis a DAC Design Classification Event &#038; Happening Design kateg\u00f3ri\u00e1ban a vil\u00e1g legjobb 31 designja k\u00f6z\u00e9 sorolta a projektet, m\u00edg az R+ Designer Ranking list\u00e1j\u00e1n szint\u00e9n helyet kapott a 360 Design Budapest ki\u00e1ll\u00edt\u00e1s.<\/p>\n<p>&nbsp;<\/p>\n<p>&nbsp;<\/p>\n<p>&nbsp;<\/p>\n","protected":false},"excerpt":{"rendered":"<p>Hatalmas hazai \u00e9s nemzetk\u00f6zi \u00e9rdekl\u0151d\u00e9s \u00f6vezte a m\u00e1r k\u00e9tszer is megrendez\u00e9sre ker\u00fcl\u0151 360 Design Budapest ki\u00e1ll\u00edt\u00e1st, melyet online \u00e9s \u00e9l\u0151ben is lehet\u0151s\u00e9g\u00fck ny\u00edlt megtekinteni az \u00e9rdekl\u0151d\u0151knek. A design vil\u00e1g\u00e1val \u00e9pp csak ismerked\u0151ket \u00e9s a szakma elismert alakjait\u00a0 egyar\u00e1nt leny\u0171g\u00f6zt\u00e9k a ki\u00e1ll\u00edtott alkot\u00e1sok \u00e9s kreat\u00edv design megold\u00e1sok. A 360 Design Budapest esem\u00e9nysorozatot h\u00e1rom k\u00fcl\u00f6nb\u00f6z\u0151 nemzetk\u00f6zi versenyen [&hellip;]<\/p>\n","protected":false},"author":2,"featured_media":0,"comment_status":"closed","ping_status":"closed","sticky":false,"template":"","format":"standard","meta":{"_acf_changed":false,"footnotes":""},"categories":[1],"tags":[],"class_list":["post-874","post","type-post","status-publish","format-standard","hentry","category-uncategorized"],"acf":[],"_links":{"self":[{"href":"https:\/\/360dbp.com\/en\/wp-json\/wp\/v2\/posts\/874","targetHints":{"allow":["GET"]}}],"collection":[{"href":"https:\/\/360dbp.com\/en\/wp-json\/wp\/v2\/posts"}],"about":[{"href":"https:\/\/360dbp.com\/en\/wp-json\/wp\/v2\/types\/post"}],"author":[{"embeddable":true,"href":"https:\/\/360dbp.com\/en\/wp-json\/wp\/v2\/users\/2"}],"replies":[{"embeddable":true,"href":"https:\/\/360dbp.com\/en\/wp-json\/wp\/v2\/comments?post=874"}],"version-history":[{"count":1,"href":"https:\/\/360dbp.com\/en\/wp-json\/wp\/v2\/posts\/874\/revisions"}],"predecessor-version":[{"id":875,"href":"https:\/\/360dbp.com\/en\/wp-json\/wp\/v2\/posts\/874\/revisions\/875"}],"wp:attachment":[{"href":"https:\/\/360dbp.com\/en\/wp-json\/wp\/v2\/media?parent=874"}],"wp:term":[{"taxonomy":"category","embeddable":true,"href":"https:\/\/360dbp.com\/en\/wp-json\/wp\/v2\/categories?post=874"},{"taxonomy":"post_tag","embeddable":true,"href":"https:\/\/360dbp.com\/en\/wp-json\/wp\/v2\/tags?post=874"}],"curies":[{"name":"wp","href":"https:\/\/api.w.org\/{rel}","templated":true}]}}